{"id":276,"date":"2018-05-13T10:29:15","date_gmt":"2018-05-13T08:29:15","guid":{"rendered":"http:\/\/adicef.com\/?p=276"},"modified":"2021-01-23T10:47:17","modified_gmt":"2021-01-23T09:47:17","slug":"renflouement-interne-2018-lannee-de-loperationnalisation-du-cadre-reglementaire","status":"publish","type":"post","link":"https:\/\/adicef.com\/?p=276","title":{"rendered":"Renflouement interne : 2018, l&#8217;ann\u00e9e de l&#8217;op\u00e9rationnalisation du cadre r\u00e9glementaire ?"},"content":{"rendered":"\n<h2>n&nbsp;\u00b0 820 &#8211; Mai 2018<\/h2>\n\n\n\n<p>Marie-H\u00e9l\u00e8ne Fort\u00e9sa&nbsp;Directeur associ\u00e9 EY&nbsp; Membre ADICEF<br>C\u00e9line Molinari&nbsp; Directeur associ\u00e9<\/p>\n\n\n\n<p>Lire l&#8217;article<\/p>\n","protected":false},"excerpt":{"rendered":"<p>n&nbsp;\u00b0 820 &#8211; Mai 2018 Marie-H\u00e9l\u00e8ne Fort\u00e9sa&nbsp;Directeur associ\u00e9 EY&nbsp; Membre ADICEFC\u00e9line Molinari&nbsp; Directeur associ\u00e9 Lire l&#8217;article<\/p>\n","protected":false},"author":70,"featured_media":0,"comment_status":"open","ping_status":"closed","sticky":false,"template":"","format":"standard","meta":[],"categories":[4],"tags":[],"_links":{"self":[{"href":"https:\/\/adicef.com\/index.php?rest_route=\/wp\/v2\/posts\/276"}],"collection":[{"href":"https:\/\/adicef.com\/index.php?rest_route=\/wp\/v2\/posts"}],"about":[{"href":"https:\/\/adicef.com\/index.php?rest_route=\/wp\/v2\/types\/post"}],"author":[{"embeddable":true,"href":"https:\/\/adicef.com\/index.php?rest_route=\/wp\/v2\/users\/70"}],"replies":[{"embeddable":true,"href":"https:\/\/adicef.com\/index.php?rest_route=%2Fwp%2Fv2%2Fcomments&post=276"}],"version-history":[{"count":2,"href":"https:\/\/adicef.com\/index.php?rest_route=\/wp\/v2\/posts\/276\/revisions"}],"predecessor-version":[{"id":609,"href":"https:\/\/adicef.com\/index.php?rest_route=\/wp\/v2\/posts\/276\/revisions\/609"}],"wp:attachment":[{"href":"https:\/\/adicef.com\/index.php?rest_route=%2Fwp%2Fv2%2Fmedia&parent=276"}],"wp:term":[{"taxonomy":"category","embeddable":true,"href":"https:\/\/adicef.com\/index.php?rest_route=%2Fwp%2Fv2%2Fcategories&post=276"},{"taxonomy":"post_tag","embeddable":true,"href":"https:\/\/adicef.com\/index.php?rest_route=%2Fwp%2Fv2%2Ftags&post=276"}],"curies":[{"name":"wp","href":"https:\/\/api.w.org\/{rel}","templated":true}]}}