{"id":426,"date":"2019-04-25T11:17:00","date_gmt":"2019-04-25T09:17:00","guid":{"rendered":"http:\/\/adicef.com\/?p=426"},"modified":"2021-01-23T10:36:20","modified_gmt":"2021-01-23T09:36:20","slug":"alerte-avril-2019","status":"publish","type":"post","link":"https:\/\/adicef.com\/?p=426","title":{"rendered":"Actualit\u00e9s avril 2019"},"content":{"rendered":"\n<p>PARIS, le 25 avril 2019<\/p>\n\n\n\n<p>&#8211; Attention, le 15 avril 2019 le parlement europ\u00e9en&nbsp;devrait&nbsp;voter la CRR2 et la CRD V. Les textes devraient \u00eatre publi\u00e9s dans la foul\u00e9e.<\/p>\n\n\n\n<p>&#8211; Attention, la BdF vient de d\u00e9cider de supprimer \u00e0 terme la remise &#8220;centrale des risques&#8221; au profit d&#8217;Anacr\u00e9dit&nbsp;: vos directions g\u00e9n\u00e9rales ont d\u00fb recevoir un courrier de notification.<\/p>\n\n\n\n<p>&nbsp;&#8211; La loi de finance 2019 modifie le r\u00e9gime de limitation des d\u00e9ductions des charges financi\u00e8res : \u00eates-vous en risque ?<\/p>\n\n\n\n<p>Le dernier comit\u00e9 comptable a \u00e9t\u00e9 consacr\u00e9 \u00e0 un \u00e9change avec les directeurs comptables, il n&#8217;y a pas eu d&#8217;actualit\u00e9.&nbsp;<\/p>\n","protected":false},"excerpt":{"rendered":"<p>PARIS, le 25 avril 2019 &#8211; Attention, le 15 avril 2019 le parlement europ\u00e9en&nbsp;devrait&nbsp;voter la CRR2 et la CRD V. Les textes devraient \u00eatre publi\u00e9s dans la foul\u00e9e. &#8211; Attention, la BdF vient de d\u00e9cider de supprimer \u00e0 terme la remise &#8220;centrale des risques&#8221; au profit d&#8217;Anacr\u00e9dit&nbsp;: vos directions g\u00e9n\u00e9rales ont d\u00fb recevoir un courrier &hellip; <\/p>\n<p class=\"link-more\"><a href=\"https:\/\/adicef.com\/?p=426\" class=\"more-link\">Continuer la lecture<span class=\"screen-reader-text\"> de &laquo;&nbsp;Actualit\u00e9s avril 2019&nbsp;&raquo;<\/span><\/a><\/p>\n","protected":false},"author":70,"featured_media":0,"comment_status":"open","ping_status":"closed","sticky":false,"template":"","format":"standard","meta":[],"categories":[10],"tags":[],"_links":{"self":[{"href":"https:\/\/adicef.com\/index.php?rest_route=\/wp\/v2\/posts\/426"}],"collection":[{"href":"https:\/\/adicef.com\/index.php?rest_route=\/wp\/v2\/posts"}],"about":[{"href":"https:\/\/adicef.com\/index.php?rest_route=\/wp\/v2\/types\/post"}],"author":[{"embeddable":true,"href":"https:\/\/adicef.com\/index.php?rest_route=\/wp\/v2\/users\/70"}],"replies":[{"embeddable":true,"href":"https:\/\/adicef.com\/index.php?rest_route=%2Fwp%2Fv2%2Fcomments&post=426"}],"version-history":[{"count":2,"href":"https:\/\/adicef.com\/index.php?rest_route=\/wp\/v2\/posts\/426\/revisions"}],"predecessor-version":[{"id":462,"href":"https:\/\/adicef.com\/index.php?rest_route=\/wp\/v2\/posts\/426\/revisions\/462"}],"wp:attachment":[{"href":"https:\/\/adicef.com\/index.php?rest_route=%2Fwp%2Fv2%2Fmedia&parent=426"}],"wp:term":[{"taxonomy":"category","embeddable":true,"href":"https:\/\/adicef.com\/index.php?rest_route=%2Fwp%2Fv2%2Fcategories&post=426"},{"taxonomy":"post_tag","embeddable":true,"href":"https:\/\/adicef.com\/index.php?rest_route=%2Fwp%2Fv2%2Ftags&post=426"}],"curies":[{"name":"wp","href":"https:\/\/api.w.org\/{rel}","templated":true}]}}